
{"id":25718,"date":"2023-03-31T13:25:58","date_gmt":"2023-03-31T17:25:58","guid":{"rendered":"https:\/\/ecampusontario.ca\/?p=25718"},"modified":"2025-11-28T13:24:00","modified_gmt":"2025-11-28T18:24:00","slug":"la-journee-portes-ouvertes-de-la-sav-decouvrez-la-collection-elargie","status":"publish","type":"post","link":"https:\/\/ecampusontario.ca\/fr\/la-journee-portes-ouvertes-de-la-sav-decouvrez-la-collection-elargie\/","title":{"rendered":"La journ\u00e9e portes ouvertes de la SAV\u00a0: D\u00e9couvrez la collection \u00e9largie"},"content":{"rendered":"\n<p>eCampusOntario vous invite \u00e0 la journ\u00e9e portes ouvertes de la collection de la Strat\u00e9gie d\u2019apprentissage virtuel (SAV) qui aura lieu du 1<sup>er&nbsp;<\/sup>au 3&nbsp;mai&nbsp;2023. Cet \u00e9v\u00e9nement virtuel de trois jours r\u00e9unira des cr\u00e9ateurs de projets qui discuteront des le\u00e7ons tir\u00e9es de leur exp\u00e9rience et de leur parcours dans le domaine de l\u2019\u00e9ducation libre, et pr\u00e9senteront des s\u00e9lections de la collection \u00e9largie de ressources \u00e9ducatives libres (REL) de la SAV cr\u00e9\u00e9es en Ontario et destin\u00e9es \u00e0 l\u2019Ontario en premier lieu.<\/p>\n\n\n\n<p>Joignez-vous \u00e0 nous pour d\u00e9couvrir les r\u00e9sultats de l\u2019investissement historique dans la SAV du minist\u00e8re des Coll\u00e8ges et Universit\u00e9s de l\u2019Ontario. La journ\u00e9e portes ouvertes constitue \u00e9galement l\u2019occasion d\u2019entrer en contact avec des pairs de tout le secteur et d\u2019en apprendre davantage sur l\u2019incroyable travail accompli par les \u00e9quipes de projet de la SAV.&nbsp;<\/p>\n\n\n\n<p>L\u2019\u00e9v\u00e9nement sera enregistr\u00e9 et les enregistrements seront accessibles apr\u00e8s l\u2019\u00e9v\u00e9nement. Besoin d\u2019une traduction en direct vers le fran\u00e7ais? Adressez-vous \u00e0 <strong><a href=\"mailto:communications@ecampusontario.ca\" target=\"_blank\" rel=\"noreferrer noopener\">communications@ecampusontario.ca<\/a><\/strong> avant le <strong>10&nbsp;avril&nbsp;2023<\/strong>.<\/p>\n\n\n\n<p><a href=\"https:\/\/vlslibrary.ecampusontario.ca\/fr\/portes-ouvertes-de-la-collection-sav\/\" target=\"_blank\" rel=\"noreferrer noopener\">Inscrivez-vous d\u00e8s maintenant pour garantir votre place<\/a>!<\/p>\n","protected":false},"excerpt":{"rendered":"<p>eCampusOntario vous invite \u00e0 la journ\u00e9e portes ouvertes de la collection de la Strat\u00e9gie d\u2019apprentissage virtuel (SAV) qui aura lieu du 1er&nbsp;au 3&nbsp;mai&nbsp;2023. Cet \u00e9v\u00e9nement virtuel de trois jours r\u00e9unira des cr\u00e9ateurs de projets qui discuteront des le\u00e7ons tir\u00e9es de leur exp\u00e9rience et de leur parcours dans le domaine de l\u2019\u00e9ducation libre, et pr\u00e9senteront des [&hellip;]<\/p>\n","protected":false},"author":23,"featured_media":25733,"comment_status":"open","ping_status":"open","sticky":false,"template":"","format":"standard","meta":{"_acf_changed":false,"footnotes":""},"categories":[11781],"tags":[11805,11796],"class_list":["post-25718","post","type-post","status-publish","format-standard","has-post-thumbnail","hentry","category-evenements","tag-ecampusontario-fr","tag-strategie-dapprentissage-virtuel-sav"],"acf":[],"yoast_head":"<!-- This site is optimized with the Yoast SEO Premium plugin v27.4 (Yoast SEO v27.4) - https:\/\/yoast.com\/product\/yoast-seo-premium-wordpress\/ -->\n<title>La journ\u00e9e portes ouvertes de la SAV\u00a0: D\u00e9couvrez la collection \u00e9largie | eCampusOntario %<\/title>\n<meta name=\"robots\" content=\"index, follow, max-snippet:-1, max-image-preview:large, max-video-preview:-1\" \/>\n<link rel=\"canonical\" href=\"https:\/\/ecampusontario.ca\/fr\/la-journee-portes-ouvertes-de-la-sav-decouvrez-la-collection-elargie\/\" \/>\n<meta property=\"og:locale\" content=\"fr_FR\" \/>\n<meta property=\"og:type\" content=\"article\" \/>\n<meta property=\"og:title\" content=\"La journ\u00e9e portes ouvertes de la SAV\u00a0: D\u00e9couvrez la collection \u00e9largie\" \/>\n<meta property=\"og:description\" content=\"eCampusOntario vous invite \u00e0 la journ\u00e9e portes ouvertes de la collection de la Strat\u00e9gie d\u2019apprentissage virtuel (SAV) qui aura lieu du 1er&nbsp;au 3&nbsp;mai&nbsp;2023. Cet \u00e9v\u00e9nement virtuel de trois jours r\u00e9unira des cr\u00e9ateurs de projets qui discuteront des le\u00e7ons tir\u00e9es de leur exp\u00e9rience et de leur parcours dans le domaine de l\u2019\u00e9ducation libre, et pr\u00e9senteront des [&hellip;]\" \/>\n<meta property=\"og:url\" content=\"https:\/\/ecampusontario.ca\/fr\/la-journee-portes-ouvertes-de-la-sav-decouvrez-la-collection-elargie\/\" \/>\n<meta property=\"og:site_name\" content=\"eCampusOntario\" \/>\n<meta property=\"article:publisher\" content=\"https:\/\/www.facebook.com\/ecampusontario\/\" \/>\n<meta property=\"article:published_time\" content=\"2023-03-31T17:25:58+00:00\" \/>\n<meta property=\"article:modified_time\" content=\"2025-11-28T18:24:00+00:00\" \/>\n<meta property=\"og:image\" content=\"https:\/\/ecampusontario.ca\/wp-content\/uploads\/2023\/03\/VLS-OpenHouse-Banner-FR.png\" \/>\n\t<meta property=\"og:image:width\" content=\"1179\" \/>\n\t<meta property=\"og:image:height\" content=\"396\" \/>\n\t<meta property=\"og:image:type\" content=\"image\/png\" \/>\n<meta name=\"author\" content=\"Lutfiyya Dhalla\" \/>\n<meta name=\"twitter:card\" content=\"summary_large_image\" \/>\n<meta name=\"twitter:creator\" content=\"@eCampusOntario\" \/>\n<meta name=\"twitter:site\" content=\"@eCampusOntario\" \/>\n<meta name=\"twitter:label1\" content=\"\u00c9crit par\" \/>\n\t<meta name=\"twitter:data1\" content=\"Lutfiyya Dhalla\" \/>\n\t<meta name=\"twitter:label2\" content=\"Dur\u00e9e de lecture estim\u00e9e\" \/>\n\t<meta name=\"twitter:data2\" content=\"1 minute\" \/>\n<script type=\"application\/ld+json\" class=\"yoast-schema-graph\">{\"@context\":\"https:\\\/\\\/schema.org\",\"@graph\":[{\"@type\":\"Article\",\"@id\":\"https:\\\/\\\/ecampusontario.ca\\\/fr\\\/la-journee-portes-ouvertes-de-la-sav-decouvrez-la-collection-elargie\\\/#article\",\"isPartOf\":{\"@id\":\"https:\\\/\\\/ecampusontario.ca\\\/fr\\\/la-journee-portes-ouvertes-de-la-sav-decouvrez-la-collection-elargie\\\/\"},\"author\":{\"name\":\"Lutfiyya Dhalla\",\"@id\":\"https:\\\/\\\/ecampusontario.ca\\\/fr\\\/#\\\/schema\\\/person\\\/afe2eb9401936770d359fbcb320b6433\"},\"headline\":\"La journ\u00e9e portes ouvertes de la SAV\u00a0: D\u00e9couvrez la collection \u00e9largie\",\"datePublished\":\"2023-03-31T17:25:58+00:00\",\"dateModified\":\"2025-11-28T18:24:00+00:00\",\"mainEntityOfPage\":{\"@id\":\"https:\\\/\\\/ecampusontario.ca\\\/fr\\\/la-journee-portes-ouvertes-de-la-sav-decouvrez-la-collection-elargie\\\/\"},\"wordCount\":216,\"commentCount\":0,\"publisher\":{\"@id\":\"https:\\\/\\\/ecampusontario.ca\\\/fr\\\/#organization\"},\"image\":{\"@id\":\"https:\\\/\\\/ecampusontario.ca\\\/fr\\\/la-journee-portes-ouvertes-de-la-sav-decouvrez-la-collection-elargie\\\/#primaryimage\"},\"thumbnailUrl\":\"https:\\\/\\\/ecampusontario.ca\\\/wp-content\\\/uploads\\\/2023\\\/03\\\/VLS-OpenHouse-Banner-FR.png\",\"keywords\":[\"eCampusOntario\",\"Strat\u00e9gie dapprentissage virtuel SAV\"],\"articleSection\":[\"\u00c9v\u00e9nements\"],\"inLanguage\":\"fr-FR\"},{\"@type\":\"WebPage\",\"@id\":\"https:\\\/\\\/ecampusontario.ca\\\/fr\\\/la-journee-portes-ouvertes-de-la-sav-decouvrez-la-collection-elargie\\\/\",\"url\":\"https:\\\/\\\/ecampusontario.ca\\\/fr\\\/la-journee-portes-ouvertes-de-la-sav-decouvrez-la-collection-elargie\\\/\",\"name\":\"La journ\u00e9e portes ouvertes de la SAV\u00a0: D\u00e9couvrez la collection \u00e9largie | eCampusOntario %\",\"isPartOf\":{\"@id\":\"https:\\\/\\\/ecampusontario.ca\\\/fr\\\/#website\"},\"primaryImageOfPage\":{\"@id\":\"https:\\\/\\\/ecampusontario.ca\\\/fr\\\/la-journee-portes-ouvertes-de-la-sav-decouvrez-la-collection-elargie\\\/#primaryimage\"},\"image\":{\"@id\":\"https:\\\/\\\/ecampusontario.ca\\\/fr\\\/la-journee-portes-ouvertes-de-la-sav-decouvrez-la-collection-elargie\\\/#primaryimage\"},\"thumbnailUrl\":\"https:\\\/\\\/ecampusontario.ca\\\/wp-content\\\/uploads\\\/2023\\\/03\\\/VLS-OpenHouse-Banner-FR.png\",\"datePublished\":\"2023-03-31T17:25:58+00:00\",\"dateModified\":\"2025-11-28T18:24:00+00:00\",\"breadcrumb\":{\"@id\":\"https:\\\/\\\/ecampusontario.ca\\\/fr\\\/la-journee-portes-ouvertes-de-la-sav-decouvrez-la-collection-elargie\\\/#breadcrumb\"},\"inLanguage\":\"fr-FR\",\"potentialAction\":[{\"@type\":\"ReadAction\",\"target\":[\"https:\\\/\\\/ecampusontario.ca\\\/fr\\\/la-journee-portes-ouvertes-de-la-sav-decouvrez-la-collection-elargie\\\/\"]}]},{\"@type\":\"ImageObject\",\"inLanguage\":\"fr-FR\",\"@id\":\"https:\\\/\\\/ecampusontario.ca\\\/fr\\\/la-journee-portes-ouvertes-de-la-sav-decouvrez-la-collection-elargie\\\/#primaryimage\",\"url\":\"https:\\\/\\\/ecampusontario.ca\\\/wp-content\\\/uploads\\\/2023\\\/03\\\/VLS-OpenHouse-Banner-FR.png\",\"contentUrl\":\"https:\\\/\\\/ecampusontario.ca\\\/wp-content\\\/uploads\\\/2023\\\/03\\\/VLS-OpenHouse-Banner-FR.png\",\"width\":1179,\"height\":396},{\"@type\":\"BreadcrumbList\",\"@id\":\"https:\\\/\\\/ecampusontario.ca\\\/fr\\\/la-journee-portes-ouvertes-de-la-sav-decouvrez-la-collection-elargie\\\/#breadcrumb\",\"itemListElement\":[{\"@type\":\"ListItem\",\"position\":1,\"name\":\"Home\",\"item\":\"https:\\\/\\\/ecampusontario.ca\\\/fr\\\/\"},{\"@type\":\"ListItem\",\"position\":2,\"name\":\"La journ\u00e9e portes ouvertes de la SAV\u00a0: D\u00e9couvrez la collection \u00e9largie\"}]},{\"@type\":\"WebSite\",\"@id\":\"https:\\\/\\\/ecampusontario.ca\\\/fr\\\/#website\",\"url\":\"https:\\\/\\\/ecampusontario.ca\\\/fr\\\/\",\"name\":\"eCampusOntario\",\"description\":\"The online hub for learners and educators across Ontario\",\"publisher\":{\"@id\":\"https:\\\/\\\/ecampusontario.ca\\\/fr\\\/#organization\"},\"potentialAction\":[{\"@type\":\"SearchAction\",\"target\":{\"@type\":\"EntryPoint\",\"urlTemplate\":\"https:\\\/\\\/ecampusontario.ca\\\/fr\\\/?s={search_term_string}\"},\"query-input\":{\"@type\":\"PropertyValueSpecification\",\"valueRequired\":true,\"valueName\":\"search_term_string\"}}],\"inLanguage\":\"fr-FR\"},{\"@type\":\"Organization\",\"@id\":\"https:\\\/\\\/ecampusontario.ca\\\/fr\\\/#organization\",\"name\":\"eCampusOntario\",\"url\":\"https:\\\/\\\/ecampusontario.ca\\\/fr\\\/\",\"logo\":{\"@type\":\"ImageObject\",\"inLanguage\":\"fr-FR\",\"@id\":\"https:\\\/\\\/ecampusontario.ca\\\/fr\\\/#\\\/schema\\\/logo\\\/image\\\/\",\"url\":\"https:\\\/\\\/ecampusontario.ca\\\/wp-content\\\/uploads\\\/2018\\\/11\\\/ecampus-e-icon-1.png\",\"contentUrl\":\"https:\\\/\\\/ecampusontario.ca\\\/wp-content\\\/uploads\\\/2018\\\/11\\\/ecampus-e-icon-1.png\",\"width\":720,\"height\":325,\"caption\":\"eCampusOntario\"},\"image\":{\"@id\":\"https:\\\/\\\/ecampusontario.ca\\\/fr\\\/#\\\/schema\\\/logo\\\/image\\\/\"},\"sameAs\":[\"https:\\\/\\\/www.facebook.com\\\/ecampusontario\\\/\",\"https:\\\/\\\/x.com\\\/eCampusOntario\"]},{\"@type\":\"Person\",\"@id\":\"https:\\\/\\\/ecampusontario.ca\\\/fr\\\/#\\\/schema\\\/person\\\/afe2eb9401936770d359fbcb320b6433\",\"name\":\"Lutfiyya Dhalla\",\"image\":{\"@type\":\"ImageObject\",\"inLanguage\":\"fr-FR\",\"@id\":\"https:\\\/\\\/secure.gravatar.com\\\/avatar\\\/6dcbff42080ade60fceb24765ddedc9124220e81cb49727458a8728cf9b09204?s=96&d=mm&r=g\",\"url\":\"https:\\\/\\\/secure.gravatar.com\\\/avatar\\\/6dcbff42080ade60fceb24765ddedc9124220e81cb49727458a8728cf9b09204?s=96&d=mm&r=g\",\"contentUrl\":\"https:\\\/\\\/secure.gravatar.com\\\/avatar\\\/6dcbff42080ade60fceb24765ddedc9124220e81cb49727458a8728cf9b09204?s=96&d=mm&r=g\",\"caption\":\"Lutfiyya Dhalla\"},\"url\":\"https:\\\/\\\/ecampusontario.ca\\\/fr\\\/author\\\/ldhallaecampusontario-ca\\\/\"}]}<\/script>\n<!-- \/ Yoast SEO Premium plugin. -->","yoast_head_json":{"title":"La journ\u00e9e portes ouvertes de la SAV\u00a0: D\u00e9couvrez la collection \u00e9largie | eCampusOntario %","robots":{"index":"index","follow":"follow","max-snippet":"max-snippet:-1","max-image-preview":"max-image-preview:large","max-video-preview":"max-video-preview:-1"},"canonical":"https:\/\/ecampusontario.ca\/fr\/la-journee-portes-ouvertes-de-la-sav-decouvrez-la-collection-elargie\/","og_locale":"fr_FR","og_type":"article","og_title":"La journ\u00e9e portes ouvertes de la SAV\u00a0: D\u00e9couvrez la collection \u00e9largie","og_description":"eCampusOntario vous invite \u00e0 la journ\u00e9e portes ouvertes de la collection de la Strat\u00e9gie d\u2019apprentissage virtuel (SAV) qui aura lieu du 1er&nbsp;au 3&nbsp;mai&nbsp;2023. Cet \u00e9v\u00e9nement virtuel de trois jours r\u00e9unira des cr\u00e9ateurs de projets qui discuteront des le\u00e7ons tir\u00e9es de leur exp\u00e9rience et de leur parcours dans le domaine de l\u2019\u00e9ducation libre, et pr\u00e9senteront des [&hellip;]","og_url":"https:\/\/ecampusontario.ca\/fr\/la-journee-portes-ouvertes-de-la-sav-decouvrez-la-collection-elargie\/","og_site_name":"eCampusOntario","article_publisher":"https:\/\/www.facebook.com\/ecampusontario\/","article_published_time":"2023-03-31T17:25:58+00:00","article_modified_time":"2025-11-28T18:24:00+00:00","og_image":[{"width":1179,"height":396,"url":"https:\/\/ecampusontario.ca\/wp-content\/uploads\/2023\/03\/VLS-OpenHouse-Banner-FR.png","type":"image\/png"}],"author":"Lutfiyya Dhalla","twitter_card":"summary_large_image","twitter_creator":"@eCampusOntario","twitter_site":"@eCampusOntario","twitter_misc":{"\u00c9crit par":"Lutfiyya Dhalla","Dur\u00e9e de lecture estim\u00e9e":"1 minute"},"schema":{"@context":"https:\/\/schema.org","@graph":[{"@type":"Article","@id":"https:\/\/ecampusontario.ca\/fr\/la-journee-portes-ouvertes-de-la-sav-decouvrez-la-collection-elargie\/#article","isPartOf":{"@id":"https:\/\/ecampusontario.ca\/fr\/la-journee-portes-ouvertes-de-la-sav-decouvrez-la-collection-elargie\/"},"author":{"name":"Lutfiyya Dhalla","@id":"https:\/\/ecampusontario.ca\/fr\/#\/schema\/person\/afe2eb9401936770d359fbcb320b6433"},"headline":"La journ\u00e9e portes ouvertes de la SAV\u00a0: D\u00e9couvrez la collection \u00e9largie","datePublished":"2023-03-31T17:25:58+00:00","dateModified":"2025-11-28T18:24:00+00:00","mainEntityOfPage":{"@id":"https:\/\/ecampusontario.ca\/fr\/la-journee-portes-ouvertes-de-la-sav-decouvrez-la-collection-elargie\/"},"wordCount":216,"commentCount":0,"publisher":{"@id":"https:\/\/ecampusontario.ca\/fr\/#organization"},"image":{"@id":"https:\/\/ecampusontario.ca\/fr\/la-journee-portes-ouvertes-de-la-sav-decouvrez-la-collection-elargie\/#primaryimage"},"thumbnailUrl":"https:\/\/ecampusontario.ca\/wp-content\/uploads\/2023\/03\/VLS-OpenHouse-Banner-FR.png","keywords":["eCampusOntario","Strat\u00e9gie dapprentissage virtuel SAV"],"articleSection":["\u00c9v\u00e9nements"],"inLanguage":"fr-FR"},{"@type":"WebPage","@id":"https:\/\/ecampusontario.ca\/fr\/la-journee-portes-ouvertes-de-la-sav-decouvrez-la-collection-elargie\/","url":"https:\/\/ecampusontario.ca\/fr\/la-journee-portes-ouvertes-de-la-sav-decouvrez-la-collection-elargie\/","name":"La journ\u00e9e portes ouvertes de la SAV\u00a0: D\u00e9couvrez la collection \u00e9largie | eCampusOntario %","isPartOf":{"@id":"https:\/\/ecampusontario.ca\/fr\/#website"},"primaryImageOfPage":{"@id":"https:\/\/ecampusontario.ca\/fr\/la-journee-portes-ouvertes-de-la-sav-decouvrez-la-collection-elargie\/#primaryimage"},"image":{"@id":"https:\/\/ecampusontario.ca\/fr\/la-journee-portes-ouvertes-de-la-sav-decouvrez-la-collection-elargie\/#primaryimage"},"thumbnailUrl":"https:\/\/ecampusontario.ca\/wp-content\/uploads\/2023\/03\/VLS-OpenHouse-Banner-FR.png","datePublished":"2023-03-31T17:25:58+00:00","dateModified":"2025-11-28T18:24:00+00:00","breadcrumb":{"@id":"https:\/\/ecampusontario.ca\/fr\/la-journee-portes-ouvertes-de-la-sav-decouvrez-la-collection-elargie\/#breadcrumb"},"inLanguage":"fr-FR","potentialAction":[{"@type":"ReadAction","target":["https:\/\/ecampusontario.ca\/fr\/la-journee-portes-ouvertes-de-la-sav-decouvrez-la-collection-elargie\/"]}]},{"@type":"ImageObject","inLanguage":"fr-FR","@id":"https:\/\/ecampusontario.ca\/fr\/la-journee-portes-ouvertes-de-la-sav-decouvrez-la-collection-elargie\/#primaryimage","url":"https:\/\/ecampusontario.ca\/wp-content\/uploads\/2023\/03\/VLS-OpenHouse-Banner-FR.png","contentUrl":"https:\/\/ecampusontario.ca\/wp-content\/uploads\/2023\/03\/VLS-OpenHouse-Banner-FR.png","width":1179,"height":396},{"@type":"BreadcrumbList","@id":"https:\/\/ecampusontario.ca\/fr\/la-journee-portes-ouvertes-de-la-sav-decouvrez-la-collection-elargie\/#breadcrumb","itemListElement":[{"@type":"ListItem","position":1,"name":"Home","item":"https:\/\/ecampusontario.ca\/fr\/"},{"@type":"ListItem","position":2,"name":"La journ\u00e9e portes ouvertes de la SAV\u00a0: D\u00e9couvrez la collection \u00e9largie"}]},{"@type":"WebSite","@id":"https:\/\/ecampusontario.ca\/fr\/#website","url":"https:\/\/ecampusontario.ca\/fr\/","name":"eCampusOntario","description":"The online hub for learners and educators across Ontario","publisher":{"@id":"https:\/\/ecampusontario.ca\/fr\/#organization"},"potentialAction":[{"@type":"SearchAction","target":{"@type":"EntryPoint","urlTemplate":"https:\/\/ecampusontario.ca\/fr\/?s={search_term_string}"},"query-input":{"@type":"PropertyValueSpecification","valueRequired":true,"valueName":"search_term_string"}}],"inLanguage":"fr-FR"},{"@type":"Organization","@id":"https:\/\/ecampusontario.ca\/fr\/#organization","name":"eCampusOntario","url":"https:\/\/ecampusontario.ca\/fr\/","logo":{"@type":"ImageObject","inLanguage":"fr-FR","@id":"https:\/\/ecampusontario.ca\/fr\/#\/schema\/logo\/image\/","url":"https:\/\/ecampusontario.ca\/wp-content\/uploads\/2018\/11\/ecampus-e-icon-1.png","contentUrl":"https:\/\/ecampusontario.ca\/wp-content\/uploads\/2018\/11\/ecampus-e-icon-1.png","width":720,"height":325,"caption":"eCampusOntario"},"image":{"@id":"https:\/\/ecampusontario.ca\/fr\/#\/schema\/logo\/image\/"},"sameAs":["https:\/\/www.facebook.com\/ecampusontario\/","https:\/\/x.com\/eCampusOntario"]},{"@type":"Person","@id":"https:\/\/ecampusontario.ca\/fr\/#\/schema\/person\/afe2eb9401936770d359fbcb320b6433","name":"Lutfiyya Dhalla","image":{"@type":"ImageObject","inLanguage":"fr-FR","@id":"https:\/\/secure.gravatar.com\/avatar\/6dcbff42080ade60fceb24765ddedc9124220e81cb49727458a8728cf9b09204?s=96&d=mm&r=g","url":"https:\/\/secure.gravatar.com\/avatar\/6dcbff42080ade60fceb24765ddedc9124220e81cb49727458a8728cf9b09204?s=96&d=mm&r=g","contentUrl":"https:\/\/secure.gravatar.com\/avatar\/6dcbff42080ade60fceb24765ddedc9124220e81cb49727458a8728cf9b09204?s=96&d=mm&r=g","caption":"Lutfiyya Dhalla"},"url":"https:\/\/ecampusontario.ca\/fr\/author\/ldhallaecampusontario-ca\/"}]}},"_links":{"self":[{"href":"https:\/\/ecampusontario.ca\/fr\/wp-json\/wp\/v2\/posts\/25718","targetHints":{"allow":["GET"]}}],"collection":[{"href":"https:\/\/ecampusontario.ca\/fr\/wp-json\/wp\/v2\/posts"}],"about":[{"href":"https:\/\/ecampusontario.ca\/fr\/wp-json\/wp\/v2\/types\/post"}],"author":[{"embeddable":true,"href":"https:\/\/ecampusontario.ca\/fr\/wp-json\/wp\/v2\/users\/23"}],"replies":[{"embeddable":true,"href":"https:\/\/ecampusontario.ca\/fr\/wp-json\/wp\/v2\/comments?post=25718"}],"version-history":[{"count":4,"href":"https:\/\/ecampusontario.ca\/fr\/wp-json\/wp\/v2\/posts\/25718\/revisions"}],"predecessor-version":[{"id":25832,"href":"https:\/\/ecampusontario.ca\/fr\/wp-json\/wp\/v2\/posts\/25718\/revisions\/25832"}],"wp:featuredmedia":[{"embeddable":true,"href":"https:\/\/ecampusontario.ca\/fr\/wp-json\/wp\/v2\/media\/25733"}],"wp:attachment":[{"href":"https:\/\/ecampusontario.ca\/fr\/wp-json\/wp\/v2\/media?parent=25718"}],"wp:term":[{"taxonomy":"category","embeddable":true,"href":"https:\/\/ecampusontario.ca\/fr\/wp-json\/wp\/v2\/categories?post=25718"},{"taxonomy":"post_tag","embeddable":true,"href":"https:\/\/ecampusontario.ca\/fr\/wp-json\/wp\/v2\/tags?post=25718"}],"curies":[{"name":"wp","href":"https:\/\/api.w.org\/{rel}","templated":true}]}}